{"id":364,"date":"2026-01-28T22:06:57","date_gmt":"2026-01-28T21:06:57","guid":{"rendered":"https:\/\/aspic28.org\/?p=364"},"modified":"2026-01-28T22:32:54","modified_gmt":"2026-01-28T21:32:54","slug":"les-projets-finances-par-laspic","status":"publish","type":"post","link":"https:\/\/aspic28.org\/?p=364","title":{"rendered":"LES PROJETS FINANC\u00c9S PAR L\u2019ASPIC"},"content":{"rendered":"\n<div class=\"wp-block-columns is-layout-flex wp-container-core-columns-is-layout-9d6595d7 wp-block-columns-is-layout-flex\">\n<div class=\"wp-block-column is-vertically-aligned-center is-layout-flow wp-block-column-is-layout-flow\" style=\"flex-basis:66.66%\">\n<h3 class=\"wp-block-heading\"><strong>1 &#8211; \u201cLES SAVANTS FOUS\u201d<\/strong><\/h3>\n<\/div>\n\n\n\n<div class=\"wp-block-column is-layout-flow wp-block-column-is-layout-flow\" style=\"flex-basis:33.33%\"><div class=\"wp-block-image\">\n<figure class=\"alignright size-full\"><img loading=\"lazy\" decoding=\"async\" width=\"135\" height=\"135\" src=\"https:\/\/aspic28.org\/wp-content\/uploads\/2026\/01\/1769632830.png\" alt=\"\" class=\"wp-image-365\" srcset=\"https:\/\/aspic28.org\/wp-content\/uploads\/2026\/01\/1769632830.png 135w, https:\/\/aspic28.org\/wp-content\/uploads\/2026\/01\/1769632830-88x88.png 88w\" sizes=\"auto, (max-width: 135px) 100vw, 135px\" \/><\/figure>\n<\/div><\/div>\n<\/div>\n\n\n\n<p>Les enfants de l\u2019H\u00f4pital de Jour Enfance ont particip\u00e9, tout au long<br>de l\u2019ann\u00e9e scolaire 2024-2025, \u00e0 plusieurs apr\u00e8s-midis de<br>d\u00e9couverte.<br>Accompagn\u00e9s de deux animateurs, ils ont explor\u00e9 une dizaine de<br>th\u00e9matiques vari\u00e9es : la chimie, la faune, la flore, et bien d\u2019autres<br>encore.<br>Chaque s\u00e9ance a \u00e9t\u00e9 un moment de plaisir et de curiosit\u00e9.<br>Les jeunes \u00e9taient toujours ravis de retrouver \u00ab le professeur<br>Mercury \u00bb et \u00ab le professeur Lupin \u00bb<\/p>\n\n\n\n<figure class=\"wp-block-image size-full\"><img loading=\"lazy\" decoding=\"async\" width=\"742\" height=\"459\" src=\"https:\/\/aspic28.org\/wp-content\/uploads\/2026\/01\/1769632930-2.png\" alt=\"\" class=\"wp-image-368\" srcset=\"https:\/\/aspic28.org\/wp-content\/uploads\/2026\/01\/1769632930-2.png 742w, https:\/\/aspic28.org\/wp-content\/uploads\/2026\/01\/1769632930-2-300x186.png 300w\" sizes=\"auto, (max-width: 742px) 100vw, 742px\" \/><\/figure>\n\n\n\n<p><\/p>\n\n\n\n<h3 class=\"wp-block-heading\">2 &#8211;<strong>LA SONOTH\u00c9RAPIE<br>S\u2019INVITE SUR L\u2019H\u00d4PITAL DE JOUR ENFANCE<\/strong><\/h3>\n\n\n\n<p>Deux groupes d\u2019enfants de l\u2019h\u00f4pital de Jour Petite Enfance &#8211; Enfance suivis tout au long de l\u2019ann\u00e9e sur un groupe psychomoteur encadr\u00e9s par une psychomotricienne, deux infirmi\u00e8res et deux monitrices-\u00e9ducatrices ont pu b\u00e9n\u00e9ficier gr\u00e2ce \u00e0 l\u2019ASPIC de trois s\u00e9ances de d\u00e9couverte de la sonoth\u00e9rapie en avril-mai 2025 avec Audrey, une professionnelle ext\u00e9rieure.<\/p>\n\n\n\n<p><br>Les enfants ont ensuite \u00e9t\u00e9 sensibilis\u00e9s \u00e0 pouvoir \u00ab produire et recevoir les sons \u00bb. Ils ont \u00e9galement \u00e9t\u00e9 amen\u00e9s \u00e0 utiliser d\u2019avantage de vocabulaire pour parler des sensations et les partager avec le groupe. Le travail en groupe a \u00e9t\u00e9 orient\u00e9 pour favoriser la confiance, la d\u00e9tente, l\u2019ouverture aux autres et l\u2019accueil d\u2019une personne ext\u00e9rieure.<\/p>\n\n\n\n<p><br>Le jour de l\u2019atelier : chaque enfant qui entrait dans la pi\u00e8ce a \u00e9t\u00e9 accueilli par la \u00ab musique des f\u00e9es \u00bb qu\u2019Audrey jouait avec le carillon.<br>Ensuite, Audrey a expliqu\u00e9 comment le son se propage :\u00ab comme lorsqu\u2019on fait tomber doucement un caillou dans l\u2019eau et que cela cr\u00e9e des ronds dans l\u2019eau \u00bb !<br>Apr\u00e8s la pr\u00e9sentation des instruments, place \u00e0 la d\u00e9monstration et \u00e0 l\u2019exploration !<br>Chaque enfant a pu faire vibrer les bols tib\u00e9tains avec les mailloches, puis manier doucement les carillons et faire r\u00e9sonner le tongue drum.<br><\/p>\n\n\n\n<p>Puis, les enfants ont d\u00e9couvert qu\u2019ils pouvaient produire un son tr\u00e8s doux et agr\u00e9able m\u00eame s\u2019ils jouaient tous en m\u00eame temps ! Les soignants pouvaient m\u00eame fermer les yeux pendant que les enfants faisaient un \u00ab petit concert \u00bb !<br>A la fin, la sono-th\u00e9rapeute a jou\u00e9 seule des instruments en se d\u00e9pla\u00e7ant dans la salle pour que les enfants profitent du \u00ab concert qui d\u00e9tend \u00bb!<br>Les enfants sont repartis dans le calme et cela s\u2019est m\u00eame observ\u00e9 encore un long moment dans le couloir durant leur trajet pour repartir.<br>Par la suite, ils ont particip\u00e9 \u00e0 la r\u00e9alisation d\u2019une affiche pour partager leur exp\u00e9rience en dessinant \u00e0 leur mani\u00e8re l\u2019onde sonore, la propagation du son ou encore les vibrations du bol tib\u00e9tain. Un enfant s\u2019est m\u00eame essay\u00e9 \u00e0 dessiner la difficile \u00ab cl\u00e9 de sol \u00bb !<\/p>\n\n\n\n<p><strong>T\u00e9moignages des enfants :<\/strong><\/p>\n\n\n\n<p>\u00ab le bol bouge mais on ne le voit pas, \u00e7a vibre !\u00bb; \u00ab on dirait une cascade d\u2019eau \u00bb;\u00ab on sent jusqu\u2019au cou \u00bb; \u00ab \u00e7a m\u2019allonge \u00bb; \u00ab toutes les notes ensemble, \u00e7a me donne envie de m\u2019allonger \u00bb; \u00ab l\u2019ambiance sonore qui d\u00e9tend \u00bb; \u00ab frotter le bol, c\u2019est comme quand on r\u00e2cle le pot de nutella, j\u2019adore ! \u00bb; \u00ab oui, j\u2019entends et je sens ! \u00bb; \u00ab je n\u2019ai pas du tout ces instruments dans ma maison ! \u00bb; \u00ab \u00e7a fait penser \u00e0 des cloches \u00bb; \u00ab le raisonnement\u2026. oups la r\u00e9sonnance \u00bb; \u00ab j\u2019aime bien dans mes mains mais sur mes jambes c\u2019est trop fort \u00bb; \u00ab on fait chanter le bol \u00bb; \u00ab on touche avec la main mais c\u2019est l\u2019oreille qui entend \u00bb; \u00abce que j\u2019ai pr\u00e9f\u00e9r\u00e9 c\u2019est la musique des f\u00e9es ! \u00bb; \u00ab des sons qui vont bien ensemble \u00bb<\/p>\n\n\n\n<p>Merci \u00e0 l\u2019ASPIC d\u2019avoir permis la r\u00e9alisation de ce projet et \u00e0 notre intervenante<br>Audrey RENOUARD ( musicienne et sono-th\u00e9rapeute) !<\/p>\n\n\n<div class=\"wp-block-image\">\n<figure class=\"aligncenter size-large\"><img loading=\"lazy\" decoding=\"async\" width=\"1024\" height=\"968\" src=\"http:\/\/aspic28.org\/wp-content\/uploads\/2026\/01\/1769632931-1024x968.png\" alt=\"\" class=\"wp-image-374\" srcset=\"https:\/\/aspic28.org\/wp-content\/uploads\/2026\/01\/1769632931-1024x968.png 1024w, https:\/\/aspic28.org\/wp-content\/uploads\/2026\/01\/1769632931-300x284.png 300w, https:\/\/aspic28.org\/wp-content\/uploads\/2026\/01\/1769632931-768x726.png 768w, https:\/\/aspic28.org\/wp-content\/uploads\/2026\/01\/1769632931-1536x1452.png 1536w, https:\/\/aspic28.org\/wp-content\/uploads\/2026\/01\/1769632931-900x851.png 900w, https:\/\/aspic28.org\/wp-content\/uploads\/2026\/01\/1769632931-1280x1210.png 1280w, https:\/\/aspic28.org\/wp-content\/uploads\/2026\/01\/1769632931.png 1971w\" sizes=\"auto, (max-width: 1024px) 100vw, 1024px\" \/><\/figure>\n<\/div>\n\n\n<h3 class=\"wp-block-heading\"><strong>3 &#8211; LE PETIT TRAIN<\/strong><\/h3>\n\n\n\n<p>Dans le cadre de ses actions en faveur du bien-\u00eatre des enfants hospitalis\u00e9s, cette ann\u00e9e encore l\u2019association ASPIC a r\u00e9cemment financ\u00e9 une sortie en petit train touristique dans la ville de Chartres.<br>Cette initiative a permis aux jeunes patients hospitalis\u00e9s dans les diff\u00e9rentes unit\u00e9s de p\u00e9dopsychiatrie, de profiter d\u2019un moment de d\u00e9couverte et de convivialit\u00e9 en dehors de l\u2019h\u00f4pital.<br>Confortablement install\u00e9s, ils ont pu admirer les richesses patrimoniales et architecturales de la ville tout en partageant une exp\u00e9rience ludique et collective.<br>L\u2019association ASPIC r\u00e9affirme ainsi son engagement \u00e0 soutenir des projets qui contribuent \u00e0 am\u00e9liorer le quotidien des enfants et \u00e0 leur offrir des instants de d\u00e9couverte et d\u2019\u00e9vasion<\/p>\n\n\n<div class=\"wp-block-image\">\n<figure class=\"aligncenter size-full\"><img loading=\"lazy\" decoding=\"async\" width=\"491\" height=\"249\" src=\"https:\/\/aspic28.org\/wp-content\/uploads\/2026\/01\/page_0006-1.png\" alt=\"\" class=\"wp-image-380\" srcset=\"https:\/\/aspic28.org\/wp-content\/uploads\/2026\/01\/page_0006-1.png 491w, https:\/\/aspic28.org\/wp-content\/uploads\/2026\/01\/page_0006-1-300x152.png 300w\" sizes=\"auto, (max-width: 491px) 100vw, 491px\" \/><\/figure>\n<\/div>\n\n\n<h3 class=\"wp-block-heading\"><strong>4 &#8211; LE SPECTACLE<\/strong><\/h3>\n\n\n\n<p>L\u2019association ASPIC a permis l\u2019organisation d\u2019un spectacle original au sein des unit\u00e9s de p\u00e9dopsychiatrie, en finan\u00e7ant int\u00e9gralement celle-ci.<br>Ce rendez-vous artistique, associant danse, chant et effets visuels projet\u00e9s, a transport\u00e9 le service le temps d\u2019une repr\u00e9sentation vivante et interactive. Les enfants ont pu participer, rire, chanter et s\u2019\u00e9merveiller devant ce spectacle pens\u00e9 sp\u00e9cialement pour eux.<\/p>\n\n\n<div class=\"wp-block-image\">\n<figure class=\"aligncenter size-full\"><img loading=\"lazy\" decoding=\"async\" width=\"544\" height=\"271\" src=\"https:\/\/aspic28.org\/wp-content\/uploads\/2026\/01\/page_0006-2.png\" alt=\"\" class=\"wp-image-381\" srcset=\"https:\/\/aspic28.org\/wp-content\/uploads\/2026\/01\/page_0006-2.png 544w, https:\/\/aspic28.org\/wp-content\/uploads\/2026\/01\/page_0006-2-300x149.png 300w\" sizes=\"auto, (max-width: 544px) 100vw, 544px\" \/><\/figure>\n<\/div>","protected":false},"excerpt":{"rendered":"<p>1 &#8211; \u201cLES SAVANTS FOUS\u201d Les enfants de l\u2019H\u00f4pital de Jour Enfance ont particip\u00e9, tout au longde l\u2019ann\u00e9e scolaire 2024-2025, \u00e0 plusieurs apr\u00e8s-midis ded\u00e9couverte.Accompagn\u00e9s de deux animateurs, ils ont explor\u00e9 une dizaine deth\u00e9matiques vari\u00e9es : la chimie, la faune, la flore, et bien d\u2019autresencore.Chaque s\u00e9ance a \u00e9t\u00e9 un moment de plaisir et de curiosit\u00e9.Les jeunes [&hellip;]<\/p>\n","protected":false},"author":1,"featured_media":0,"comment_status":"open","ping_status":"open","sticky":false,"template":"","format":"standard","meta":{"footnotes":""},"categories":[7],"tags":[],"class_list":["post-364","post","type-post","status-publish","format-standard","hentry","category-divers"],"_links":{"self":[{"href":"https:\/\/aspic28.org\/index.php?rest_route=\/wp\/v2\/posts\/364","targetHints":{"allow":["GET"]}}],"collection":[{"href":"https:\/\/aspic28.org\/index.php?rest_route=\/wp\/v2\/posts"}],"about":[{"href":"https:\/\/aspic28.org\/index.php?rest_route=\/wp\/v2\/types\/post"}],"author":[{"embeddable":true,"href":"https:\/\/aspic28.org\/index.php?rest_route=\/wp\/v2\/users\/1"}],"replies":[{"embeddable":true,"href":"https:\/\/aspic28.org\/index.php?rest_route=%2Fwp%2Fv2%2Fcomments&post=364"}],"version-history":[{"count":9,"href":"https:\/\/aspic28.org\/index.php?rest_route=\/wp\/v2\/posts\/364\/revisions"}],"predecessor-version":[{"id":383,"href":"https:\/\/aspic28.org\/index.php?rest_route=\/wp\/v2\/posts\/364\/revisions\/383"}],"wp:attachment":[{"href":"https:\/\/aspic28.org\/index.php?rest_route=%2Fwp%2Fv2%2Fmedia&parent=364"}],"wp:term":[{"taxonomy":"category","embeddable":true,"href":"https:\/\/aspic28.org\/index.php?rest_route=%2Fwp%2Fv2%2Fcategories&post=364"},{"taxonomy":"post_tag","embeddable":true,"href":"https:\/\/aspic28.org\/index.php?rest_route=%2Fwp%2Fv2%2Ftags&post=364"}],"curies":[{"name":"wp","href":"https:\/\/api.w.org\/{rel}","templated":true}]}}