{"id":358,"date":"2026-01-28T21:34:12","date_gmt":"2026-01-28T20:34:12","guid":{"rendered":"https:\/\/aspic28.org\/?p=358"},"modified":"2026-01-28T22:54:47","modified_gmt":"2026-01-28T21:54:47","slug":"mots-de-la-presidente","status":"publish","type":"post","link":"https:\/\/aspic28.org\/?p=358","title":{"rendered":"Mots de la pr\u00e9sidente"},"content":{"rendered":"\n<p>C\u2019est avec un grand plaisir que je vous adresse ces quelques mots \u00e0                  l\u2019occasion de cette nouvelle newsletter. Apr\u00e8s un premier semestre 2025<br>particuli\u00e8rement riche, marqu\u00e9 par la r\u00e9ussite de nombreux projets men\u00e9s<br>avec enthousiasme et engagement.<br>l\u2019ASPIC n\u2019a pas manqu\u00e9 de projets et d\u2019initiatives entre septembre et<br>d\u00e9cembre 2025. Nous continuerons en 2026 \u00e0 faire vivre nos actions et de<br>donner vie \u00e0 de nouvelles id\u00e9es.<br>Je tiens \u00e0 remercier chaleureusement toutes celles et ceux qui contribuent,<br>de pr\u00e8s ou de loin, \u00e0 la vitalit\u00e9 de notre association.<\/p>\n\n\n\n<div class=\"wp-block-columns is-layout-flex wp-container-core-columns-is-layout-9d6595d7 wp-block-columns-is-layout-flex\">\n<div class=\"wp-block-column is-layout-flow wp-block-column-is-layout-flow\" style=\"flex-basis:100%\">\n<div class=\"wp-block-columns is-layout-flex wp-container-core-columns-is-layout-9d6595d7 wp-block-columns-is-layout-flex\">\n<div class=\"wp-block-column is-layout-flow wp-block-column-is-layout-flow\"><div class=\"wp-block-image\">\n<figure class=\"aligncenter size-full is-resized\"><img loading=\"lazy\" decoding=\"async\" width=\"576\" height=\"768\" src=\"http:\/\/aspic28.org\/wp-content\/uploads\/2026\/01\/1769632090.png\" alt=\"\" class=\"wp-image-359\" style=\"width:263px;height:auto\" srcset=\"https:\/\/aspic28.org\/wp-content\/uploads\/2026\/01\/1769632090.png 576w, https:\/\/aspic28.org\/wp-content\/uploads\/2026\/01\/1769632090-225x300.png 225w\" sizes=\"auto, (max-width: 576px) 100vw, 576px\" \/><\/figure>\n<\/div><\/div>\n<\/div>\n\n\n\n<p class=\"has-text-align-center\">ANG\u00c9LIQUE BUISSON<br>PR\u00c9SIDENTE ASPIC<\/p>\n<\/div>\n<\/div>\n","protected":false},"excerpt":{"rendered":"<p>C\u2019est avec un grand plaisir que je vous adresse ces quelques mots \u00e0 l\u2019occasion de cette nouvelle newsletter. Apr\u00e8s un premier semestre 2025particuli\u00e8rement riche, marqu\u00e9 par la r\u00e9ussite de nombreux projets men\u00e9savec enthousiasme et engagement.l\u2019ASPIC n\u2019a pas manqu\u00e9 de projets et d\u2019initiatives entre septembre etd\u00e9cembre 2025. Nous continuerons en 2026 \u00e0 faire vivre nos actions [&hellip;]<\/p>\n","protected":false},"author":1,"featured_media":0,"comment_status":"open","ping_status":"open","sticky":false,"template":"","format":"standard","meta":{"footnotes":""},"categories":[7],"tags":[],"class_list":["post-358","post","type-post","status-publish","format-standard","hentry","category-divers"],"_links":{"self":[{"href":"https:\/\/aspic28.org\/index.php?rest_route=\/wp\/v2\/posts\/358","targetHints":{"allow":["GET"]}}],"collection":[{"href":"https:\/\/aspic28.org\/index.php?rest_route=\/wp\/v2\/posts"}],"about":[{"href":"https:\/\/aspic28.org\/index.php?rest_route=\/wp\/v2\/types\/post"}],"author":[{"embeddable":true,"href":"https:\/\/aspic28.org\/index.php?rest_route=\/wp\/v2\/users\/1"}],"replies":[{"embeddable":true,"href":"https:\/\/aspic28.org\/index.php?rest_route=%2Fwp%2Fv2%2Fcomments&post=358"}],"version-history":[{"count":4,"href":"https:\/\/aspic28.org\/index.php?rest_route=\/wp\/v2\/posts\/358\/revisions"}],"predecessor-version":[{"id":363,"href":"https:\/\/aspic28.org\/index.php?rest_route=\/wp\/v2\/posts\/358\/revisions\/363"}],"wp:attachment":[{"href":"https:\/\/aspic28.org\/index.php?rest_route=%2Fwp%2Fv2%2Fmedia&parent=358"}],"wp:term":[{"taxonomy":"category","embeddable":true,"href":"https:\/\/aspic28.org\/index.php?rest_route=%2Fwp%2Fv2%2Fcategories&post=358"},{"taxonomy":"post_tag","embeddable":true,"href":"https:\/\/aspic28.org\/index.php?rest_route=%2Fwp%2Fv2%2Ftags&post=358"}],"curies":[{"name":"wp","href":"https:\/\/api.w.org\/{rel}","templated":true}]}}